{"id":711,"date":"2011-03-06T13:09:44","date_gmt":"2011-03-06T11:09:44","guid":{"rendered":"http:\/\/www.urheiluilmailu.com\/?p=711"},"modified":"2015-07-09T11:14:06","modified_gmt":"2015-07-09T09:14:06","slug":"28-2-2011","status":"publish","type":"post","link":"http:\/\/www.urheiluilmailu.com\/?p=711","title":{"rendered":"28.2.2011 Vuoden ensimm\u00e4inen lentop\u00e4iv\u00e4"},"content":{"rendered":"<p><a href=\"http:\/\/www.urheiluilmailu.com\/wp-content\/uploads\/2011\/03\/IMG_5955e.jpg\"><img decoding=\"async\" loading=\"lazy\" class=\"alignright size-medium wp-image-719\" title=\"IMG_5955e\" src=\"http:\/\/www.urheiluilmailu.com\/wp-content\/uploads\/2011\/03\/IMG_5955e-300x225.jpg\" alt=\"\" width=\"210\" height=\"158\" srcset=\"http:\/\/www.urheiluilmailu.com\/wp-content\/uploads\/2011\/03\/IMG_5955e-300x225.jpg 300w, http:\/\/www.urheiluilmailu.com\/wp-content\/uploads\/2011\/03\/IMG_5955e-1024x768.jpg 1024w, http:\/\/www.urheiluilmailu.com\/wp-content\/uploads\/2011\/03\/IMG_5955e-870x653.jpg 870w, http:\/\/www.urheiluilmailu.com\/wp-content\/uploads\/2011\/03\/IMG_5955e-140x105.jpg 140w, http:\/\/www.urheiluilmailu.com\/wp-content\/uploads\/2011\/03\/IMG_5955e-196x147.jpg 196w, http:\/\/www.urheiluilmailu.com\/wp-content\/uploads\/2011\/03\/IMG_5955e.jpg 1536w\" sizes=\"(max-width: 210px) 100vw, 210px\" \/><\/a>Ensimm\u00e4inen lentop\u00e4iv\u00e4 vuodelle 2011. Edellisest\u00e4 kerrasta nelj\u00e4 kuukautta aikaa. Hirve\u00e4 hinku taivaalle mutta samalla pieni ep\u00e4ilys siit\u00e4 ett\u00e4 viel\u00e4k\u00f6 muistaa miten tuolla lennettiin. Kun kasasin kamoja ja vedin valjaita p\u00e4\u00e4lle, oli hetken aikaa fiilis &#8221;mit\u00e4 ihmett\u00e4 m\u00e4 olen tekem\u00e4ss\u00e4&#8221; kun j\u00e4pit\u00e4n keskell\u00e4 kiitorataa 10-metrinen siipi sel\u00e4ss\u00e4 ja ruotsalainen moottorisaha sojottamassa urku auki hanurissa. Mutta ei muuta kun siiven nokka alas ja tossua toisen eteen. Startti meni hyvin sopivaan vastatuuleen ja vekotin oli muutaman askeleen j\u00e4lkeen taivaalla.. ja kyll\u00e4 se oli vaan siisti\u00e4 taas! \ud83d\ude09<\/p>\n<p>&nbsp;<\/p>\n<p><a href=\"http:\/\/www.urheiluilmailu.com\/wp-content\/uploads\/2011\/03\/270211_1.jpg\"><img decoding=\"async\" loading=\"lazy\" class=\"alignright size-medium wp-image-714\" title=\"270211_1\" src=\"http:\/\/www.urheiluilmailu.com\/wp-content\/uploads\/2011\/03\/270211_1-300x225.jpg\" alt=\"\" width=\"210\" height=\"158\" srcset=\"http:\/\/www.urheiluilmailu.com\/wp-content\/uploads\/2011\/03\/270211_1-300x225.jpg 300w, http:\/\/www.urheiluilmailu.com\/wp-content\/uploads\/2011\/03\/270211_1-140x105.jpg 140w, http:\/\/www.urheiluilmailu.com\/wp-content\/uploads\/2011\/03\/270211_1-196x147.jpg 196w, http:\/\/www.urheiluilmailu.com\/wp-content\/uploads\/2011\/03\/270211_1.jpg 781w\" sizes=\"(max-width: 210px) 100vw, 210px\" \/><\/a>Lensin aikani kent\u00e4n p\u00e4\u00e4ll\u00e4 ja palauttelin mieleen siiven k\u00e4sittely\u00e4 ja Mosquitolla lent\u00e4mist\u00e4. V\u00e4h\u00e4n ajan p\u00e4\u00e4st\u00e4 Hapi ilmestyi kent\u00e4lle ja oli piakkoin taivaalla mukana lent\u00e4m\u00e4ss\u00e4. Lennettiin Hapin ja Hessun kanssa vaihtelevissa muodostelmissa ja kuvattiin toisiamme. K\u00e4sitt??m\u00e4tt\u00f6m\u00e4n hienoa!<\/p>\n<p>&nbsp;<\/p>\n<p>Samoihin merkkeihin ja samalla porukalla p\u00e4\u00e4ttyi lentokausi 2010 lokakuussa joten mik\u00e4 olisikaan ollut parempi tapa aloittaa uusi kausi.\u00a0 Yl\u00e4tuuli oli melkoisen kova, hirve\u00e4n et\u00e4\u00e4lle en kent\u00e4st\u00e4 Targetilla p\u00e4\u00e4ssyt, mutta se ei menoa haitannut. Parin tunnin lennon j\u00e4lkeen oli aika laskeutua. Nelj\u00e4 kuukautta oli kulunut edellisest\u00e4 lennosta, huonojen kelien takia ei ollut p\u00e4\u00e4ssyt taivaalle ja etenkin tauon j\u00e4lkeen tuo oli kyll\u00e4 ihan todella hienoa! T\u00e4st\u00e4 on hyv\u00e4 jatkaa..! \ud83d\ude09<\/p>\n<p><a href=\"http:\/\/www.urheiluilmailu.com\/wp-content\/uploads\/2011\/03\/270211_2.jpg\"><img decoding=\"async\" loading=\"lazy\" class=\"alignright size-medium wp-image-717\" title=\"270211_2\" src=\"http:\/\/www.urheiluilmailu.com\/wp-content\/uploads\/2011\/03\/270211_2-300x225.jpg\" alt=\"\" width=\"210\" height=\"158\" srcset=\"http:\/\/www.urheiluilmailu.com\/wp-content\/uploads\/2011\/03\/270211_2-300x225.jpg 300w, http:\/\/www.urheiluilmailu.com\/wp-content\/uploads\/2011\/03\/270211_2-1024x769.jpg 1024w, http:\/\/www.urheiluilmailu.com\/wp-content\/uploads\/2011\/03\/270211_2-870x653.jpg 870w, http:\/\/www.urheiluilmailu.com\/wp-content\/uploads\/2011\/03\/270211_2-140x105.jpg 140w, http:\/\/www.urheiluilmailu.com\/wp-content\/uploads\/2011\/03\/270211_2-196x147.jpg 196w, http:\/\/www.urheiluilmailu.com\/wp-content\/uploads\/2011\/03\/270211_2.jpg 1604w\" sizes=\"(max-width: 210px) 100vw, 210px\" \/><\/a><\/p>\n","protected":false},"excerpt":{"rendered":"<p>Ensimm\u00e4inen lentop\u00e4iv\u00e4 vuodelle 2011. Edellisest\u00e4 kerrasta nelj\u00e4 kuukautta aikaa. Hirve\u00e4 hinku taivaalle mutta samalla pieni ep\u00e4ilys siit\u00e4 ett\u00e4 viel\u00e4k\u00f6 muistaa miten tuolla lennettiin. Kun kasasin kamoja ja vedin valjaita p\u00e4\u00e4lle, oli hetken aikaa fiilis &#8221;mit\u00e4 ihmett\u00e4 m\u00e4 olen tekem\u00e4ss\u00e4&#8221; kun &hellip; <a href=\"http:\/\/www.urheiluilmailu.com\/?p=711\">Continued<\/a><\/p>\n","protected":false},"author":1,"featured_media":717,"comment_status":"open","ping_status":"open","sticky":false,"template":"","format":"standard","meta":[],"categories":[8],"tags":[],"_links":{"self":[{"href":"http:\/\/www.urheiluilmailu.com\/index.php?rest_route=\/wp\/v2\/posts\/711"}],"collection":[{"href":"http:\/\/www.urheiluilmailu.com\/index.php?rest_route=\/wp\/v2\/posts"}],"about":[{"href":"http:\/\/www.urheiluilmailu.com\/index.php?rest_route=\/wp\/v2\/types\/post"}],"author":[{"embeddable":true,"href":"http:\/\/www.urheiluilmailu.com\/index.php?rest_route=\/wp\/v2\/users\/1"}],"replies":[{"embeddable":true,"href":"http:\/\/www.urheiluilmailu.com\/index.php?rest_route=%2Fwp%2Fv2%2Fcomments&post=711"}],"version-history":[{"count":13,"href":"http:\/\/www.urheiluilmailu.com\/index.php?rest_route=\/wp\/v2\/posts\/711\/revisions"}],"predecessor-version":[{"id":1283,"href":"http:\/\/www.urheiluilmailu.com\/index.php?rest_route=\/wp\/v2\/posts\/711\/revisions\/1283"}],"wp:featuredmedia":[{"embeddable":true,"href":"http:\/\/www.urheiluilmailu.com\/index.php?rest_route=\/wp\/v2\/media\/717"}],"wp:attachment":[{"href":"http:\/\/www.urheiluilmailu.com\/index.php?rest_route=%2Fwp%2Fv2%2Fmedia&parent=711"}],"wp:term":[{"taxonomy":"category","embeddable":true,"href":"http:\/\/www.urheiluilmailu.com\/index.php?rest_route=%2Fwp%2Fv2%2Fcategories&post=711"},{"taxonomy":"post_tag","embeddable":true,"href":"http:\/\/www.urheiluilmailu.com\/index.php?rest_route=%2Fwp%2Fv2%2Ftags&post=711"}],"curies":[{"name":"wp","href":"https:\/\/api.w.org\/{rel}","templated":true}]}}