{"id":972,"date":"2011-07-02T16:04:26","date_gmt":"2011-07-02T14:04:26","guid":{"rendered":"http:\/\/www.urheiluilmailu.com\/?p=972"},"modified":"2015-12-25T23:18:37","modified_gmt":"2015-12-25T21:18:37","slug":"23-4-2011","status":"publish","type":"post","link":"https:\/\/www.urheiluilmailu.com\/?p=972","title":{"rendered":"23 &#8211; 27.4.2011 Lennokas viikko"},"content":{"rendered":"<p><a href=\"http:\/\/www.urheiluilmailu.com\/wp-content\/uploads\/2011\/07\/P4220001-P4220003e.jpg\"><img decoding=\"async\" loading=\"lazy\" class=\"size-full wp-image-977 alignright\" title=\"P4220001-P4220003e\" src=\"http:\/\/www.urheiluilmailu.com\/wp-content\/uploads\/2011\/07\/P4220001-P4220003e.jpg\" alt=\"\" width=\"547\" height=\"242\" srcset=\"https:\/\/www.urheiluilmailu.com\/wp-content\/uploads\/2011\/07\/P4220001-P4220003e.jpg 912w, https:\/\/www.urheiluilmailu.com\/wp-content\/uploads\/2011\/07\/P4220001-P4220003e-300x133.jpg 300w, https:\/\/www.urheiluilmailu.com\/wp-content\/uploads\/2011\/07\/P4220001-P4220003e-870x384.jpg 870w\" sizes=\"(max-width: 547px) 100vw, 547px\" \/><\/a>Toukokuun kolmas viikko oli erityisen lentopainotteinen. Ilmassa tuli oltua 23, 24, 25, 27 ja 29. p\u00e4iv\u00e4. Vain torstai ja lauantai j\u00e4iv\u00e4t lent\u00e4m\u00e4tt\u00e4. Lappeenrannan kentt\u00e4, joka on l\u00e4hell\u00e4 sek\u00e4 ty\u00f6paikkaani ett\u00e4 kotiani, mahdollistaa t\u00e4m\u00e4n. Saa n\u00e4hd\u00e4 miten p\u00e4rj\u00e4\u00e4n kun joudun muuttamaan opiskelujen per\u00e4ss\u00e4 paikkakunnalle, jossa l\u00e4himm\u00e4lle p\u00e4ristelykent\u00e4lle on enemm\u00e4n matkaa&#8230; \ud83d\ude09<\/p>\n<figure id=\"attachment_981\" class=\"thumbnail wp-caption alignright\" style=\"width: 300px\"><a href=\"http:\/\/www.urheiluilmailu.com\/wp-content\/uploads\/2011\/07\/P4280056ee.jpg\"><img decoding=\"async\" loading=\"lazy\" class=\"size-medium wp-image-981\" title=\"P4280056ee\" src=\"http:\/\/www.urheiluilmailu.com\/wp-content\/uploads\/2011\/07\/P4280056ee-300x225.jpg\" alt=\"\" width=\"300\" height=\"225\" srcset=\"https:\/\/www.urheiluilmailu.com\/wp-content\/uploads\/2011\/07\/P4280056ee-300x225.jpg 300w, https:\/\/www.urheiluilmailu.com\/wp-content\/uploads\/2011\/07\/P4280056ee-140x105.jpg 140w, https:\/\/www.urheiluilmailu.com\/wp-content\/uploads\/2011\/07\/P4280056ee-196x147.jpg 196w, https:\/\/www.urheiluilmailu.com\/wp-content\/uploads\/2011\/07\/P4280056ee.jpg 841w\" sizes=\"(max-width: 300px) 100vw, 300px\" \/><\/a><figcaption class=\"caption wp-caption-text\">Hessu Wiskisiepolla<\/figcaption><\/figure>\n<p>Kokonaisuutena viikko oli eritt\u00e4in hieno, vaikkakin fyysisesti raskas. Mosquito ei ole ehk\u00e4 se maailman kevyin laite k\u00e4sitell\u00e4&#8230; Lentop\u00e4iviin mahtui p\u00e4ristely\u00e4 niin Hapin kuin Hessunkin kanssa ymp\u00e4ri Lappeenrantaa.<\/p>\n<figure id=\"attachment_980\" class=\"thumbnail wp-caption alignright\" style=\"width: 300px\"><a href=\"http:\/\/www.urheiluilmailu.com\/wp-content\/uploads\/2011\/07\/P4260035e1.jpg\"><img decoding=\"async\" loading=\"lazy\" class=\"size-medium wp-image-980\" title=\"P4260035e\" src=\"http:\/\/www.urheiluilmailu.com\/wp-content\/uploads\/2011\/07\/P4260035e1-300x225.jpg\" alt=\"\" width=\"300\" height=\"225\" srcset=\"https:\/\/www.urheiluilmailu.com\/wp-content\/uploads\/2011\/07\/P4260035e1-300x225.jpg 300w, https:\/\/www.urheiluilmailu.com\/wp-content\/uploads\/2011\/07\/P4260035e1-870x653.jpg 870w, https:\/\/www.urheiluilmailu.com\/wp-content\/uploads\/2011\/07\/P4260035e1-140x105.jpg 140w, https:\/\/www.urheiluilmailu.com\/wp-content\/uploads\/2011\/07\/P4260035e1-196x147.jpg 196w, https:\/\/www.urheiluilmailu.com\/wp-content\/uploads\/2011\/07\/P4260035e1.jpg 992w\" sizes=\"(max-width: 300px) 100vw, 300px\" \/><\/a><figcaption class=\"caption wp-caption-text\">Patrian Bravot<\/figcaption><\/figure>\n<p>Kent\u00e4ll\u00e4 oli vieraana my\u00f6s muutama koulukone oppilaineen Patrialta, jotka olivat Lappeenrannassa lent\u00e4m\u00e4ss\u00e4 y\u00f6lentokelpuutuksiaan liikennelent\u00e4j\u00e4n lupakirjojaan varten. Puna-valkosiipiset Bravot olivat viimeist\u00e4 kev\u00e4tt\u00e4 Patrian palveluksessa. Bravot vaihtuvat alatasoisiin Tecnameihin seuraavaa kurssia varten jotka todenn\u00e4k\u00f6isesti tulevat itsellenikin varsin tutuiksi.. \ud83d\ude09 Saa n\u00e4hd\u00e4 josko sit\u00e4 l\u00f6yt\u00e4\u00e4 itsens\u00e4kin viel\u00e4 joskus Lappeenrannasta y\u00f6lentokelppareita lent\u00e4m\u00e4ss\u00e4! \ud83d\ude09<\/p>\n","protected":false},"excerpt":{"rendered":"<p>Toukokuun kolmas viikko oli erityisen lentopainotteinen. Ilmassa tuli oltua 23, 24, 25, 27 ja 29. p\u00e4iv\u00e4. Vain torstai ja lauantai j\u00e4iv\u00e4t lent\u00e4m\u00e4tt\u00e4. Lappeenrannan kentt\u00e4, joka on l\u00e4hell\u00e4 sek\u00e4 ty\u00f6paikkaani ett\u00e4 kotiani, mahdollistaa t\u00e4m\u00e4n. Saa n\u00e4hd\u00e4 miten p\u00e4rj\u00e4\u00e4n kun joudun muuttamaan &hellip; <a href=\"https:\/\/www.urheiluilmailu.com\/?p=972\">Continued<\/a><\/p>\n","protected":false},"author":1,"featured_media":981,"comment_status":"open","ping_status":"open","sticky":false,"template":"","format":"standard","meta":[],"categories":[8],"tags":[],"_links":{"self":[{"href":"https:\/\/www.urheiluilmailu.com\/index.php?rest_route=\/wp\/v2\/posts\/972"}],"collection":[{"href":"https:\/\/www.urheiluilmailu.com\/index.php?rest_route=\/wp\/v2\/posts"}],"about":[{"href":"https:\/\/www.urheiluilmailu.com\/index.php?rest_route=\/wp\/v2\/types\/post"}],"author":[{"embeddable":true,"href":"https:\/\/www.urheiluilmailu.com\/index.php?rest_route=\/wp\/v2\/users\/1"}],"replies":[{"embeddable":true,"href":"https:\/\/www.urheiluilmailu.com\/index.php?rest_route=%2Fwp%2Fv2%2Fcomments&post=972"}],"version-history":[{"count":10,"href":"https:\/\/www.urheiluilmailu.com\/index.php?rest_route=\/wp\/v2\/posts\/972\/revisions"}],"predecessor-version":[{"id":1635,"href":"https:\/\/www.urheiluilmailu.com\/index.php?rest_route=\/wp\/v2\/posts\/972\/revisions\/1635"}],"wp:featuredmedia":[{"embeddable":true,"href":"https:\/\/www.urheiluilmailu.com\/index.php?rest_route=\/wp\/v2\/media\/981"}],"wp:attachment":[{"href":"https:\/\/www.urheiluilmailu.com\/index.php?rest_route=%2Fwp%2Fv2%2Fmedia&parent=972"}],"wp:term":[{"taxonomy":"category","embeddable":true,"href":"https:\/\/www.urheiluilmailu.com\/index.php?rest_route=%2Fwp%2Fv2%2Fcategories&post=972"},{"taxonomy":"post_tag","embeddable":true,"href":"https:\/\/www.urheiluilmailu.com\/index.php?rest_route=%2Fwp%2Fv2%2Ftags&post=972"}],"curies":[{"name":"wp","href":"https:\/\/api.w.org\/{rel}","templated":true}]}}